{"id":2460,"date":"2017-05-18T01:15:02","date_gmt":"2017-05-18T00:15:02","guid":{"rendered":"http:\/\/www.freie-schule-regenbogen.de\/wordpress\/?p=2460"},"modified":"2023-10-24T10:17:14","modified_gmt":"2023-10-24T09:17:14","slug":"oma-opa-tag-in-der-grundschule","status":"publish","type":"post","link":"https:\/\/www.freie-schule-regenbogen.de\/wordpress\/oma-opa-tag-in-der-grundschule\/","title":{"rendered":"Oma-Opa-Tag in der Grundschule"},"content":{"rendered":"<p>Unser Oma-Opa-Tag 2017 am letzten Samstag war ein voller Erfolg! Das Wetter war \u00e4u\u00dferst gn\u00e4dig mit uns und erst nach Ende des tollen Tages prasselte Regen und Hagel auf Erfurt ein. F\u00fcr die Omas und Opas gab es ein wundervolles, von unseren Kindern vorbereitetes B\u00fchnenprogramm und im Anschluss wurden die Gro\u00dfeltern eifrig von den Grundschulkindern beim gem\u00fctlichen Beisammensein auf unserer Schulterrasse vom reichhaltigen Kuchenbuffet bedient.<\/p>\n<p>Ein besonderer\u00a0Dank gilt neben den Kindern nat\u00fcrlich den Bezugis\u00a0und last but not least allen Eltern, die das Fest vorbereitet und bis zum Ende begleitet haben. Nur mit all Eurer Hilfe\u00a0war ein solch wundersch\u00f6ner Tag f\u00fcr die Omas und Opas\u00a0m\u00f6glich, denen es offensichtlich auch viel Freude bereitet hat. Danke an alle!<\/p>\n<p>Das B\u00fchnenprogramm, die &#8222;Oma-Opa-Ausstellung&#8220; im Obergescho\u00df sowie einige Schnappsch\u00fcsse vom gemeinsamen Gartenfest, k\u00f6nnen Regenb\u00f6gler in unserer zugangsgesch\u00fctzten Bildergalerie ab sofort\u00a0bewundern. Hier geht&#8217;s zur <a href=\"https:\/\/www.freie-schule-regenbogen.de\/wordpress\/intern\/bildergalerie\/\">Bildergalerie<\/a>.\u00a0Wer das Passwort vergessen hat, darf gerne im B\u00fcro nachfragen.<\/p>\n<p><img loading=\"lazy\" decoding=\"async\" class=\"wp-image-2316  aligncenter\" src=\"https:\/\/www.freie-schule-regenbogen.de\/wordpress\/wp-content\/uploads\/2013\/10\/IMG_0106-1024x682.jpg\" alt=\"\" width=\"785\" height=\"523\" srcset=\"https:\/\/www.freie-schule-regenbogen.de\/wordpress\/wp-content\/uploads\/2013\/10\/IMG_0106.jpg 1024w, https:\/\/www.freie-schule-regenbogen.de\/wordpress\/wp-content\/uploads\/2013\/10\/IMG_0106-300x200.jpg 300w, https:\/\/www.freie-schule-regenbogen.de\/wordpress\/wp-content\/uploads\/2013\/10\/IMG_0106-768x512.jpg 768w\" sizes=\"auto, (max-width: 785px) 100vw, 785px\" \/><\/p>\n","protected":false},"excerpt":{"rendered":"<p>Unser Oma-Opa-Tag 2017 am letzten Samstag war ein voller Erfolg! Das Wetter war \u00e4u\u00dferst gn\u00e4dig mit uns und erst nach &#8230; <br \/><a class=\"more-link\" href=\"https:\/\/www.freie-schule-regenbogen.de\/wordpress\/oma-opa-tag-in-der-grundschule\/\">weiterlesen<\/a><\/p>\n","protected":false},"author":7,"featured_media":0,"comment_status":"open","ping_status":"closed","sticky":false,"template":"","format":"standard","meta":{"footnotes":""},"categories":[22],"tags":[24],"class_list":["post-2460","post","type-post","status-publish","format-standard","hentry","category-grundschule","tag-festivitaet"],"_links":{"self":[{"href":"https:\/\/www.freie-schule-regenbogen.de\/wordpress\/wp-json\/wp\/v2\/posts\/2460","targetHints":{"allow":["GET"]}}],"collection":[{"href":"https:\/\/www.freie-schule-regenbogen.de\/wordpress\/wp-json\/wp\/v2\/posts"}],"about":[{"href":"https:\/\/www.freie-schule-regenbogen.de\/wordpress\/wp-json\/wp\/v2\/types\/post"}],"author":[{"embeddable":true,"href":"https:\/\/www.freie-schule-regenbogen.de\/wordpress\/wp-json\/wp\/v2\/users\/7"}],"replies":[{"embeddable":true,"href":"https:\/\/www.freie-schule-regenbogen.de\/wordpress\/wp-json\/wp\/v2\/comments?post=2460"}],"version-history":[{"count":17,"href":"https:\/\/www.freie-schule-regenbogen.de\/wordpress\/wp-json\/wp\/v2\/posts\/2460\/revisions"}],"predecessor-version":[{"id":3409,"href":"https:\/\/www.freie-schule-regenbogen.de\/wordpress\/wp-json\/wp\/v2\/posts\/2460\/revisions\/3409"}],"wp:attachment":[{"href":"https:\/\/www.freie-schule-regenbogen.de\/wordpress\/wp-json\/wp\/v2\/media?parent=2460"}],"wp:term":[{"taxonomy":"category","embeddable":true,"href":"https:\/\/www.freie-schule-regenbogen.de\/wordpress\/wp-json\/wp\/v2\/categories?post=2460"},{"taxonomy":"post_tag","embeddable":true,"href":"https:\/\/www.freie-schule-regenbogen.de\/wordpress\/wp-json\/wp\/v2\/tags?post=2460"}],"curies":[{"name":"wp","href":"https:\/\/api.w.org\/{rel}","templated":true}]}}