{"id":2742,"date":"2022-01-28T19:32:19","date_gmt":"2022-01-28T18:32:19","guid":{"rendered":"https:\/\/www.freie-schule-regenbogen.de\/wordpress\/?p=2742"},"modified":"2022-01-31T21:29:27","modified_gmt":"2022-01-31T20:29:27","slug":"wir-gehen-in-die-schule-sagt-die-kindergaertnerin-zur-dreijaehrigen","status":"publish","type":"post","link":"https:\/\/www.freie-schule-regenbogen.de\/wordpress\/wir-gehen-in-die-schule-sagt-die-kindergaertnerin-zur-dreijaehrigen\/","title":{"rendered":"\u201eWir gehen in die Schule\u201c sagt die Kinderg\u00e4rtnerin zur Dreij\u00e4hrigen"},"content":{"rendered":"\n<p>Als letztens die Oma, ihres Zeichens Kinderg\u00e4rtnerin im Regenbogen, die Dreij\u00e4hrige abholte, um sie mit in den Kindergarten zu nehmen, sagte sie \u201eKomm, wir gehen in die Schule\u201c. Das verwirrte mich mal wieder und ich fragte nach:<\/p>\n\n\n\n<p>Der Regenbogen wurde als Ort f\u00fcr die Kinder gegr\u00fcndet an dem sie von zwei bis sechzehn Jahren zusammen lernen und leben k\u00f6nnen. An dem sie Zeit miteinander verbringen, miteinander lernen, von einander lernen. Es sollte eine ganzheitliche, umfangreiche Schule f\u00fcr das Leben von Anfang an sein. Auch schon im Kindergarten. Eine Schule des Lebens. Vom Leben lernen. <\/p>\n\n\n\n<p>Lebensschule war die Ausgangsformulierung Anfang der Neunzigerjahre, um deutlich zu machen, dass es um viel mehr geht als schulisches Lernen. Daraus ist dann auch wohl \u201eSchule\u201c geworden. <\/p>\n\n\n\n<p>Mittlerweile ist unsere Gruppe gewachsen und es gibt Corona. Daher gibt es gewisse r\u00e4umliche Trennungen, die so nicht geplant waren. Geblieben ist die Redewendung \u201eKomm wir gehen in die Schule\u201c<\/p>\n\n\n\n<p><\/p>\n","protected":false},"excerpt":{"rendered":"<p>Als letztens die Oma, ihres Zeichens Kinderg\u00e4rtnerin im Regenbogen, die Dreij\u00e4hrige abholte, um sie mit in den Kindergarten zu nehmen, sagte sie \u201eKomm, wir gehen in die Schule\u201c. Das verwirrte mich mal wieder und ich fragte nach: Der Regenbogen wurde als Ort f\u00fcr die Kinder gegr\u00fcndet an dem sie von zwei bis sechzehn Jahren zusammen [&hellip;]<\/p>\n","protected":false},"author":9,"featured_media":0,"comment_status":"open","ping_status":"closed","sticky":false,"template":"","format":"standard","meta":{"footnotes":""},"categories":[29],"tags":[],"class_list":["post-2742","post","type-post","status-publish","format-standard","hentry","category-geschichte"],"_links":{"self":[{"href":"https:\/\/www.freie-schule-regenbogen.de\/wordpress\/wp-json\/wp\/v2\/posts\/2742","targetHints":{"allow":["GET"]}}],"collection":[{"href":"https:\/\/www.freie-schule-regenbogen.de\/wordpress\/wp-json\/wp\/v2\/posts"}],"about":[{"href":"https:\/\/www.freie-schule-regenbogen.de\/wordpress\/wp-json\/wp\/v2\/types\/post"}],"author":[{"embeddable":true,"href":"https:\/\/www.freie-schule-regenbogen.de\/wordpress\/wp-json\/wp\/v2\/users\/9"}],"replies":[{"embeddable":true,"href":"https:\/\/www.freie-schule-regenbogen.de\/wordpress\/wp-json\/wp\/v2\/comments?post=2742"}],"version-history":[{"count":2,"href":"https:\/\/www.freie-schule-regenbogen.de\/wordpress\/wp-json\/wp\/v2\/posts\/2742\/revisions"}],"predecessor-version":[{"id":2745,"href":"https:\/\/www.freie-schule-regenbogen.de\/wordpress\/wp-json\/wp\/v2\/posts\/2742\/revisions\/2745"}],"wp:attachment":[{"href":"https:\/\/www.freie-schule-regenbogen.de\/wordpress\/wp-json\/wp\/v2\/media?parent=2742"}],"wp:term":[{"taxonomy":"category","embeddable":true,"href":"https:\/\/www.freie-schule-regenbogen.de\/wordpress\/wp-json\/wp\/v2\/categories?post=2742"},{"taxonomy":"post_tag","embeddable":true,"href":"https:\/\/www.freie-schule-regenbogen.de\/wordpress\/wp-json\/wp\/v2\/tags?post=2742"}],"curies":[{"name":"wp","href":"https:\/\/api.w.org\/{rel}","templated":true}]}}