{"id":2974,"date":"2022-07-05T12:20:21","date_gmt":"2022-07-05T11:20:21","guid":{"rendered":"https:\/\/www.freie-schule-regenbogen.de\/wordpress\/?p=2974"},"modified":"2022-07-11T10:57:09","modified_gmt":"2022-07-11T09:57:09","slug":"das-regenbogen-vorstands-abc","status":"publish","type":"post","link":"https:\/\/www.freie-schule-regenbogen.de\/wordpress\/das-regenbogen-vorstands-abc\/","title":{"rendered":"Das Regenbogen-Vorstands-ABC"},"content":{"rendered":"\n<p>Liebe Menschen unter dem Regenbogen,<br>am 09.06.2022 haben die Teilnehmer*innen der Vollversammlung zwei neue Vorstandsmitwirkende gew\u00e4hlt. We proudly present: das neue Vorstands-ABC!<\/p>\n\n\n\n<pre class=\"wp-block-preformatted\"><img fetchpriority=\"high\" decoding=\"async\" src=\"https:\/\/lh5.googleusercontent.com\/cTxjUvndF17uHduLAaO0WGfxHC-uE_crEzTkYLh7CvHHU6i-kGyGi3IN1OBTRtW6N2xUEtCNXeWSHu4_nJ52UNYgr8STfn3Zx5sX_MR5N5zRiuJlpLQ_mByRe2-BB3VXxIfPY-fwyBO_Dxoryw\" width=\"255\" height=\"280\"><\/pre>\n\n\n\n<p><strong>A wie Anna<\/strong><\/p>\n\n\n\n<p>Hat in 13 Jahren Regenbogenleben schon viele Socken, Schl\u00fcppis, Brotb\u00fcchsen etc. gesucht. Durfte die Erfahrung machen, dass an diesem wundersamen Ort alles verloren Geglaubte fr\u00fcher oder sp\u00e4ter wieder auftaucht.<\/p>\n\n\n\n<p>Familienstand: ein Pubertier aka Alba, eine Katze\/Spinnenmann\/L\u00f6nneberga(er) aka Lasse, ein Lars.<\/p>\n\n\n\n<p>Mag knifflige philosophische Fragen, dicke B\u00fccher, trockenen Rotwein und laute Punkmusik. Morgenmuffel, sonst eher umg\u00e4ngliche Frohnatur.<\/p>\n\n\n\n<p>Auszug aus dem Wahlprogramm: Einsatz f\u00fcr einen offenen und wertsch\u00e4tzenden VereinsDialog, F\u00f6rderung der Elternarbeit, Lagerfeuer und (Nachtrag) L\u00e4usefreiheit f\u00fcr alle!<\/p>\n\n\n\n<figure class=\"wp-block-image size-large\"><img decoding=\"async\" width=\"1024\" height=\"1024\" src=\"https:\/\/www.freie-schule-regenbogen.de\/wordpress\/wp-content\/uploads\/2022\/07\/img_0586-1024x1024.png\" alt=\"\" class=\"wp-image-2982\" srcset=\"https:\/\/www.freie-schule-regenbogen.de\/wordpress\/wp-content\/uploads\/2022\/07\/img_0586-1024x1024.png 1024w, https:\/\/www.freie-schule-regenbogen.de\/wordpress\/wp-content\/uploads\/2022\/07\/img_0586-300x300.png 300w, https:\/\/www.freie-schule-regenbogen.de\/wordpress\/wp-content\/uploads\/2022\/07\/img_0586-200x200.png 200w, https:\/\/www.freie-schule-regenbogen.de\/wordpress\/wp-content\/uploads\/2022\/07\/img_0586-768x768.png 768w, https:\/\/www.freie-schule-regenbogen.de\/wordpress\/wp-content\/uploads\/2022\/07\/img_0586.png 1365w\" sizes=\"(max-width: 1024px) 100vw, 1024px\" \/><\/figure>\n\n\n\n<p><strong>B wie Bettina<\/strong><\/p>\n\n\n\n<p>Seit 2005 Wahlerfurterin und \u00fcber 16 Jahre Teil der Regenbogengemeinschaft.<\/p>\n\n\n\n<p>Mittlerweile 5fach Mama und Sozialp\u00e4dagogin mit bald wieder je einem Kind in allen drei Schulbereichen.<\/p>\n\n\n\n<p>Beh\u00e4lt immer den \u00dcberblick und hat Nerven aus Drahtseilen. Hat stets ein offenes Ohr und ist als unverbesserlicher Workaholic bekannt. Liebt Orga und so richtig anpacken, immer neue Aufgaben und Herausforderungen und noch mehr ihre Familienbande.<\/p>\n\n\n\n<p>N\u00e4chstes Etappenziel in der Schule: RegenbogenUrlaub auf der Marienwiese, der Dauerbrenner ElternEngagement und ein guter Umgang miteinander \/ Privat: neuer Job und Masterarbeit beenden.<\/p>\n\n\n\n<p><img decoding=\"async\" src=\"https:\/\/lh4.googleusercontent.com\/B_n_ObPl1APy_hQgSjLZyLyomqS5l6bwRONSwhgI5mvMeNDgeaozWQVCNy-YjxsMTq0V83TedXNWCvQqLLJ87HvaSa3nWf6qdeXGH9bCilgUPB_OrdIZ4fwoqGYdnMPEQIkcCSBN5poAkmhEbQ\" width=\"259\" height=\"194\"><\/p>\n\n\n\n<p><strong>C wie Claudine<\/strong><\/p>\n\n\n\n<p>2009 Abschlusspraktikum im Regenbogen, 3 Jahre geblieben, umorientiert und jetzt wieder angelandet \u2013 mit Mann, Kind und Hundedame.<\/p>\n\n\n\n<p>W\u00e4re ja gern Gro\u00dfspenderin, aber da das nicht geht, macht sie halt Vorstand und spendet gro\u00dfz\u00fcgig ihre Zeit, ihr Wissen (7 Jahre Waldkita-Erfahrung mit Begleitung von Vereinsprozessen \u2013 2 Nummern kleiner als der Regenbogen, aber immerhin) und ihr Herzblut.<\/p>\n\n\n\n<p>Da kommen \u201eDie \u00c4rzte\u201c jetzt nur noch an zweiter Stelle. Sie werden es (hoffentlich) verkraften.<\/p>\n","protected":false},"excerpt":{"rendered":"<p>Liebe Menschen unter dem Regenbogen,am 09.06.2022 haben die Teilnehmer*innen der Vollversammlung zwei neue Vorstandsmitwirkende gew\u00e4hlt. We proudly present: das neue Vorstands-ABC! A wie Anna Hat in 13 Jahren Regenbogenleben schon viele Socken, Schl\u00fcppis, Brotb\u00fcchsen etc. gesucht. Durfte die Erfahrung machen, dass an diesem wundersamen Ort alles verloren Geglaubte fr\u00fcher oder sp\u00e4ter wieder auftaucht. Familienstand: ein [&hellip;]<\/p>\n","protected":false},"author":9,"featured_media":0,"comment_status":"open","ping_status":"closed","sticky":false,"template":"","format":"standard","meta":{"footnotes":""},"categories":[31,29,38],"tags":[],"class_list":["post-2974","post","type-post","status-publish","format-standard","hentry","category-elternarbeit-und-vereinsarbeit","category-geschichte","category-verein"],"_links":{"self":[{"href":"https:\/\/www.freie-schule-regenbogen.de\/wordpress\/wp-json\/wp\/v2\/posts\/2974","targetHints":{"allow":["GET"]}}],"collection":[{"href":"https:\/\/www.freie-schule-regenbogen.de\/wordpress\/wp-json\/wp\/v2\/posts"}],"about":[{"href":"https:\/\/www.freie-schule-regenbogen.de\/wordpress\/wp-json\/wp\/v2\/types\/post"}],"author":[{"embeddable":true,"href":"https:\/\/www.freie-schule-regenbogen.de\/wordpress\/wp-json\/wp\/v2\/users\/9"}],"replies":[{"embeddable":true,"href":"https:\/\/www.freie-schule-regenbogen.de\/wordpress\/wp-json\/wp\/v2\/comments?post=2974"}],"version-history":[{"count":2,"href":"https:\/\/www.freie-schule-regenbogen.de\/wordpress\/wp-json\/wp\/v2\/posts\/2974\/revisions"}],"predecessor-version":[{"id":2983,"href":"https:\/\/www.freie-schule-regenbogen.de\/wordpress\/wp-json\/wp\/v2\/posts\/2974\/revisions\/2983"}],"wp:attachment":[{"href":"https:\/\/www.freie-schule-regenbogen.de\/wordpress\/wp-json\/wp\/v2\/media?parent=2974"}],"wp:term":[{"taxonomy":"category","embeddable":true,"href":"https:\/\/www.freie-schule-regenbogen.de\/wordpress\/wp-json\/wp\/v2\/categories?post=2974"},{"taxonomy":"post_tag","embeddable":true,"href":"https:\/\/www.freie-schule-regenbogen.de\/wordpress\/wp-json\/wp\/v2\/tags?post=2974"}],"curies":[{"name":"wp","href":"https:\/\/api.w.org\/{rel}","templated":true}]}}