{"id":2978,"date":"2022-07-09T20:28:24","date_gmt":"2022-07-09T19:28:24","guid":{"rendered":"https:\/\/www.freie-schule-regenbogen.de\/wordpress\/?p=2978"},"modified":"2022-07-09T20:28:25","modified_gmt":"2022-07-09T19:28:25","slug":"gang-durchs-labyrinth-als-festes-ritual-am-schuljahresende","status":"publish","type":"post","link":"https:\/\/www.freie-schule-regenbogen.de\/wordpress\/gang-durchs-labyrinth-als-festes-ritual-am-schuljahresende\/","title":{"rendered":"Gang durchs Labyrinth als festes Ritual am Schuljahresende"},"content":{"rendered":"\n<figure class=\"wp-block-image size-large\"><img fetchpriority=\"high\" decoding=\"async\" width=\"1742\" height=\"513\" src=\"https:\/\/www.freie-schule-regenbogen.de\/wordpress\/wp-content\/uploads\/2022\/07\/31ae9e87-adc4-4d9b-a60a-5b959c6bec59.jpg\" alt=\"\" class=\"wp-image-2977\" srcset=\"https:\/\/www.freie-schule-regenbogen.de\/wordpress\/wp-content\/uploads\/2022\/07\/31ae9e87-adc4-4d9b-a60a-5b959c6bec59.jpg 1742w, https:\/\/www.freie-schule-regenbogen.de\/wordpress\/wp-content\/uploads\/2022\/07\/31ae9e87-adc4-4d9b-a60a-5b959c6bec59-300x88.jpg 300w, https:\/\/www.freie-schule-regenbogen.de\/wordpress\/wp-content\/uploads\/2022\/07\/31ae9e87-adc4-4d9b-a60a-5b959c6bec59-1024x302.jpg 1024w, https:\/\/www.freie-schule-regenbogen.de\/wordpress\/wp-content\/uploads\/2022\/07\/31ae9e87-adc4-4d9b-a60a-5b959c6bec59-768x226.jpg 768w, https:\/\/www.freie-schule-regenbogen.de\/wordpress\/wp-content\/uploads\/2022\/07\/31ae9e87-adc4-4d9b-a60a-5b959c6bec59-1536x452.jpg 1536w\" sizes=\"(max-width: 1742px) 100vw, 1742px\" \/><\/figure>\n\n\n\n<p>Wir versammeln uns zu Beginn des allj\u00e4hrlichen Schuljahresabschlussfestes am Labyrinth. Dort begleiten wir den Weg von Menschen, die bisher Mitglied des engeren Kreises unserer Regenbogengemeinschaft waren, aus dieser hinaus.<\/p>\n\n\n\n<p>Labyrinthe sind keine Irrg\u00e4rten. Es gibt hier keine Sackgassen sondern nur einen Weg hin zur Mitte. Die Mitte unseres Labyrinthes steht symbolisch f\u00fcr die Mitte des Menschen, der seinen Weg hindurch geht. Mal entfernt er sich von seiner Mitte, dann n\u00e4hert er sich wieder an. Unser Regenbogen- und Lebensweg f\u00fchrt durch verschlungene Pfade, h\u00e4lt an jeder Kurve eine Aufgabe f\u00fcr uns bereit.<\/p>\n\n\n\n<p>Die Gedanken aller Menschen, welche an diesem Ritual teilnehmen, d\u00fcrfen sich dem Menschen und seinem Sein in der Regenbogenschule zuwenden, w\u00e4hrend er \/ sie den Weg durch das Labyrinth beschreitet.<\/p>\n\n\n\n<p>Das ist der symbolische Teil unseres Rituals. Auf der anderen Seite m\u00f6chte die Gemeinschaft des Regenbogens die Wegbegleiter:innen gemeinsam verabschieden. Sie soll am letzten Schultag ihren letzten Weg nicht alleine in die K\u00fcche gehen, um dort ihre Tasse abzuwaschen und dann hinter sich abzuschlie\u00dfen. Stattdessen soll sie noch einmal in der Mitte der Gemeinschaft stehen und von dieser auf ihrem letzten Weg begleitet werden.<\/p>\n\n\n\n<p>Dieses Ritual gibt es im Regenbogen schon seit den Anfangsjahren, genauer seit den fr\u00fchen 2000er Jahren. Als wir hierher zogen, hat uns ein Vater den Beton auf dem Hof aufgebrochen, damit wir die Buche pflanzen und ein eigenes Labyrinth drumherum gestalten konnten. <\/p>\n\n\n\n<p>Es ist bis heute ein sehr wichtiger Teil unseres gemeinsam verlebten Jahres. <\/p>\n","protected":false},"excerpt":{"rendered":"<p>Wir versammeln uns zu Beginn des allj\u00e4hrlichen Schuljahresabschlussfestes am Labyrinth. Dort begleiten wir den Weg von Menschen, die bisher Mitglied des engeren Kreises unserer Regenbogengemeinschaft waren, aus dieser hinaus. Labyrinthe sind keine Irrg\u00e4rten. Es gibt hier keine Sackgassen sondern nur einen Weg hin zur Mitte. Die Mitte unseres Labyrinthes steht symbolisch f\u00fcr die Mitte des [&hellip;]<\/p>\n","protected":false},"author":9,"featured_media":0,"comment_status":"open","ping_status":"closed","sticky":false,"template":"","format":"standard","meta":{"footnotes":""},"categories":[29,23,38],"tags":[],"class_list":["post-2978","post","type-post","status-publish","format-standard","hentry","category-geschichte","category-sek1","category-verein"],"_links":{"self":[{"href":"https:\/\/www.freie-schule-regenbogen.de\/wordpress\/wp-json\/wp\/v2\/posts\/2978","targetHints":{"allow":["GET"]}}],"collection":[{"href":"https:\/\/www.freie-schule-regenbogen.de\/wordpress\/wp-json\/wp\/v2\/posts"}],"about":[{"href":"https:\/\/www.freie-schule-regenbogen.de\/wordpress\/wp-json\/wp\/v2\/types\/post"}],"author":[{"embeddable":true,"href":"https:\/\/www.freie-schule-regenbogen.de\/wordpress\/wp-json\/wp\/v2\/users\/9"}],"replies":[{"embeddable":true,"href":"https:\/\/www.freie-schule-regenbogen.de\/wordpress\/wp-json\/wp\/v2\/comments?post=2978"}],"version-history":[{"count":1,"href":"https:\/\/www.freie-schule-regenbogen.de\/wordpress\/wp-json\/wp\/v2\/posts\/2978\/revisions"}],"predecessor-version":[{"id":2979,"href":"https:\/\/www.freie-schule-regenbogen.de\/wordpress\/wp-json\/wp\/v2\/posts\/2978\/revisions\/2979"}],"wp:attachment":[{"href":"https:\/\/www.freie-schule-regenbogen.de\/wordpress\/wp-json\/wp\/v2\/media?parent=2978"}],"wp:term":[{"taxonomy":"category","embeddable":true,"href":"https:\/\/www.freie-schule-regenbogen.de\/wordpress\/wp-json\/wp\/v2\/categories?post=2978"},{"taxonomy":"post_tag","embeddable":true,"href":"https:\/\/www.freie-schule-regenbogen.de\/wordpress\/wp-json\/wp\/v2\/tags?post=2978"}],"curies":[{"name":"wp","href":"https:\/\/api.w.org\/{rel}","templated":true}]}}