{"id":3016,"date":"2022-08-26T11:50:22","date_gmt":"2022-08-26T10:50:22","guid":{"rendered":"https:\/\/www.freie-schule-regenbogen.de\/wordpress\/?p=3016"},"modified":"2023-10-23T21:59:40","modified_gmt":"2023-10-23T20:59:40","slug":"was-ist-das-zuckertuetenfest-im-regenbogen","status":"publish","type":"post","link":"https:\/\/www.freie-schule-regenbogen.de\/wordpress\/was-ist-das-zuckertuetenfest-im-regenbogen\/","title":{"rendered":"Was ist das Zuckert\u00fctenfest im Regenbogen?"},"content":{"rendered":"\n<p>Hier einige Begriffserkl\u00e4rungen:<\/p>\n\n\n\n<h2 class=\"wp-block-heading\">Zuckert\u00fctenfest <\/h2>\n\n\n\n<p>Das Fest ist eine Erfindung der DDR. Dies wollten wir den Eltern und Kindern nicht nehmen. Es sollte nicht nur f\u00fcr die Erstkl\u00e4sslerInnen eine Feier sein, sondern das Anfangsfest f\u00fcr alle.<\/p>\n\n\n\n<h2 class=\"wp-block-heading\">T\u00fcten<\/h2>\n\n\n\n<p>Ein Fest f\u00fcr alle, also auch Zuckert\u00fcten f\u00fcr alle. Kinder, die in die Grundschule  wechseln, bekommen  die gr\u00f6\u00dften und alle anderen kleinere T\u00fcten. In der Vergangenheit wurden auch f\u00fcr neue MitarbeiterInnen T\u00fcten gebastelt.<\/p>\n\n\n\n<h2 class=\"wp-block-heading\">Schm\u00fccken<\/h2>\n\n\n\n<p>Zum Zuckert\u00fctenfest schm\u00fccken wir unseren Garten seit jeher mit Blumen und Girlanden. Und weil wir schon immer so einen sch\u00f6nen Garten haben, fand das Fest immer drau\u00dfen statt.<\/p>\n\n\n\n<h2 class=\"wp-block-heading\">Blumenkr\u00e4nze<\/h2>\n\n\n\n<p>Die Erstkl\u00e4ssler werden der Regenbogengemeinschaft zu Anfang vorgestellt. Als es im Laufe der Zeit immer mehr Kinder wurden, die am Fest teilnahmen, wurden die Erstkl\u00e4ssler mit einem von Stephani gewundenen Blumenkranz hervorgehoben.<\/p>\n\n\n\n<h2 class=\"wp-block-heading\">Federn <\/h2>\n\n\n\n<p>F\u00fcr die neuen F\u00fcnftkl\u00e4sslerInnen bringt das  Zuckert\u00fctenfest eine Ver\u00e4nderung in ihrem Schulleben. Die Kinder verlassen das Grundschulnest, wechseln in die Sekundarstufe. Die Bezugis empfangen die Kinder mit bunten Federn als Symbol f\u00fcr starke Schwingen auf ihrem weiteren Lebensweg.<\/p>\n\n\n\n<h2 class=\"wp-block-heading\">Buffet<\/h2>\n\n\n\n<p>Zu einem guten Fest geh\u00f6rt gutes Essen. Im Regenbogen ist es \u00fcblich, dass dieses von allen G\u00e4sten f\u00fcr ein buntes Mitbringbuffet beigesteuert wird. Da gibt es dann s\u00fc\u00df, herzhaft, vegan, vegetarisch und mit Fleisch. Damit jede ihr Essen gut findet, ist es immer hilfreich, wenn dieses beschriftet ist.<\/p>\n\n\n\n<h2 class=\"wp-block-heading\">Vorbereitung<\/h2>\n\n\n\n<p>F\u00fcr jedes bevorstehende Fest findet sich eine Gruppe aus Bezugis, Eltern und Kindern \/ Jugendlichen zusammen, welche die Vorbereitung und Organisation \u00fcbernimmt.<\/p>\n","protected":false},"excerpt":{"rendered":"<p>Hier einige Begriffserkl\u00e4rungen: Zuckert\u00fctenfest Das Fest ist eine Erfindung der DDR. Dies wollten wir den Eltern und Kindern nicht nehmen. Es sollte nicht nur f\u00fcr die Erstkl\u00e4sslerInnen eine Feier sein, sondern das Anfangsfest f\u00fcr alle. T\u00fcten Ein Fest f\u00fcr alle, also auch Zuckert\u00fcten f\u00fcr alle. Kinder, die in die Grundschule wechseln, bekommen die gr\u00f6\u00dften und [&hellip;]<\/p>\n","protected":false},"author":9,"featured_media":0,"comment_status":"open","ping_status":"closed","sticky":false,"template":"","format":"standard","meta":{"footnotes":""},"categories":[8,29,22,23,9],"tags":[],"class_list":["post-3016","post","type-post","status-publish","format-standard","hentry","category-allgemein","category-geschichte","category-grundschule","category-sek1","category-termine-feste"],"_links":{"self":[{"href":"https:\/\/www.freie-schule-regenbogen.de\/wordpress\/wp-json\/wp\/v2\/posts\/3016","targetHints":{"allow":["GET"]}}],"collection":[{"href":"https:\/\/www.freie-schule-regenbogen.de\/wordpress\/wp-json\/wp\/v2\/posts"}],"about":[{"href":"https:\/\/www.freie-schule-regenbogen.de\/wordpress\/wp-json\/wp\/v2\/types\/post"}],"author":[{"embeddable":true,"href":"https:\/\/www.freie-schule-regenbogen.de\/wordpress\/wp-json\/wp\/v2\/users\/9"}],"replies":[{"embeddable":true,"href":"https:\/\/www.freie-schule-regenbogen.de\/wordpress\/wp-json\/wp\/v2\/comments?post=3016"}],"version-history":[{"count":2,"href":"https:\/\/www.freie-schule-regenbogen.de\/wordpress\/wp-json\/wp\/v2\/posts\/3016\/revisions"}],"predecessor-version":[{"id":3388,"href":"https:\/\/www.freie-schule-regenbogen.de\/wordpress\/wp-json\/wp\/v2\/posts\/3016\/revisions\/3388"}],"wp:attachment":[{"href":"https:\/\/www.freie-schule-regenbogen.de\/wordpress\/wp-json\/wp\/v2\/media?parent=3016"}],"wp:term":[{"taxonomy":"category","embeddable":true,"href":"https:\/\/www.freie-schule-regenbogen.de\/wordpress\/wp-json\/wp\/v2\/categories?post=3016"},{"taxonomy":"post_tag","embeddable":true,"href":"https:\/\/www.freie-schule-regenbogen.de\/wordpress\/wp-json\/wp\/v2\/tags?post=3016"}],"curies":[{"name":"wp","href":"https:\/\/api.w.org\/{rel}","templated":true}]}}