{"id":3157,"date":"2022-11-14T14:35:00","date_gmt":"2022-11-14T13:35:00","guid":{"rendered":"https:\/\/www.freie-schule-regenbogen.de\/wordpress\/?p=3157"},"modified":"2023-10-23T21:28:43","modified_gmt":"2023-10-23T20:28:43","slug":"unerzogen-magazin-die-rechte-kleiner-kinder","status":"publish","type":"post","link":"https:\/\/www.freie-schule-regenbogen.de\/wordpress\/unerzogen-magazin-die-rechte-kleiner-kinder\/","title":{"rendered":"Unerzogen Magazin: \u201eDie Rechte kleiner Kinder\u201c"},"content":{"rendered":"\n<p>Georg Milzner hat sich Gedanken dar\u00fcber gemacht, welche Kinderrechte  f\u00fcr kleine Menschen wichtig w\u00e4ren. Auf seiner Vorschlagsliste steht beispielsweise das Recht auf Anklammerung. Die acht Vorschl\u00e4ge bringen die Bed\u00fcrfnisse von Kindern unter vier auf den Punkt und regen zum weiter denken an. Zu lesen beim Unerzogen Magazin: https:\/\/www.unerzogen-magazin.de\/artikel\/?articleID=922<\/p>\n","protected":false},"excerpt":{"rendered":"<p>Georg Milzner hat sich Gedanken dar\u00fcber gemacht, welche Kinderrechte f\u00fcr kleine Menschen wichtig w\u00e4ren. Auf seiner Vorschlagsliste steht beispielsweise das Recht auf Anklammerung. Die acht Vorschl\u00e4ge bringen die Bed\u00fcrfnisse von Kindern unter vier auf den Punkt und regen zum weiter denken an. Zu lesen beim Unerzogen Magazin: https:\/\/www.unerzogen-magazin.de\/artikel\/?articleID=922<\/p>\n","protected":false},"author":9,"featured_media":0,"comment_status":"open","ping_status":"closed","sticky":false,"template":"","format":"standard","meta":{"footnotes":""},"categories":[44,43],"tags":[],"class_list":["post-3157","post","type-post","status-publish","format-standard","hentry","category-bibliothek","category-paedagogik"],"_links":{"self":[{"href":"https:\/\/www.freie-schule-regenbogen.de\/wordpress\/wp-json\/wp\/v2\/posts\/3157","targetHints":{"allow":["GET"]}}],"collection":[{"href":"https:\/\/www.freie-schule-regenbogen.de\/wordpress\/wp-json\/wp\/v2\/posts"}],"about":[{"href":"https:\/\/www.freie-schule-regenbogen.de\/wordpress\/wp-json\/wp\/v2\/types\/post"}],"author":[{"embeddable":true,"href":"https:\/\/www.freie-schule-regenbogen.de\/wordpress\/wp-json\/wp\/v2\/users\/9"}],"replies":[{"embeddable":true,"href":"https:\/\/www.freie-schule-regenbogen.de\/wordpress\/wp-json\/wp\/v2\/comments?post=3157"}],"version-history":[{"count":4,"href":"https:\/\/www.freie-schule-regenbogen.de\/wordpress\/wp-json\/wp\/v2\/posts\/3157\/revisions"}],"predecessor-version":[{"id":3385,"href":"https:\/\/www.freie-schule-regenbogen.de\/wordpress\/wp-json\/wp\/v2\/posts\/3157\/revisions\/3385"}],"wp:attachment":[{"href":"https:\/\/www.freie-schule-regenbogen.de\/wordpress\/wp-json\/wp\/v2\/media?parent=3157"}],"wp:term":[{"taxonomy":"category","embeddable":true,"href":"https:\/\/www.freie-schule-regenbogen.de\/wordpress\/wp-json\/wp\/v2\/categories?post=3157"},{"taxonomy":"post_tag","embeddable":true,"href":"https:\/\/www.freie-schule-regenbogen.de\/wordpress\/wp-json\/wp\/v2\/tags?post=3157"}],"curies":[{"name":"wp","href":"https:\/\/api.w.org\/{rel}","templated":true}]}}