{"id":3178,"date":"2022-11-30T22:19:48","date_gmt":"2022-11-30T21:19:48","guid":{"rendered":"https:\/\/www.freie-schule-regenbogen.de\/wordpress\/?p=3178"},"modified":"2022-11-30T22:19:48","modified_gmt":"2022-11-30T21:19:48","slug":"als-wir-das-zehnjaehrige-bestehen-feierten","status":"publish","type":"post","link":"https:\/\/www.freie-schule-regenbogen.de\/wordpress\/als-wir-das-zehnjaehrige-bestehen-feierten\/","title":{"rendered":"Als wir das zehnj\u00e4hrige Bestehen feierten"},"content":{"rendered":"\n<p>R\u00fcckblick ins Jahr 2003:<\/p>\n\n\n\n<figure class=\"wp-block-image size-full\"><img fetchpriority=\"high\" decoding=\"async\" width=\"480\" height=\"640\" src=\"https:\/\/www.freie-schule-regenbogen.de\/wordpress\/wp-content\/uploads\/2022\/11\/1BDCFF51-DB98-464F-8FDA-94F98A2FEA37.jpeg\" alt=\"\" class=\"wp-image-3181\" srcset=\"https:\/\/www.freie-schule-regenbogen.de\/wordpress\/wp-content\/uploads\/2022\/11\/1BDCFF51-DB98-464F-8FDA-94F98A2FEA37.jpeg 480w, https:\/\/www.freie-schule-regenbogen.de\/wordpress\/wp-content\/uploads\/2022\/11\/1BDCFF51-DB98-464F-8FDA-94F98A2FEA37-225x300.jpeg 225w\" sizes=\"(max-width: 480px) 100vw, 480px\" \/><\/figure>\n\n\n\n<p><strong>Eine Zwischenbilanz des Festkomitees<\/strong><\/p>\n\n\n\n<p>Nach unserem gro\u00dfen, gemeinsamen \u201eFestvorbereitungsworkshop&#8220; im Fr\u00fchjahr hat sich ganz viel getan und eigentlich k\u00f6nnte unser Geburtstagsfest schon beinahe morgen sein, weil wir ganz, ganz flei\u00dfig waren und schon fast alles \u201ein trockenen T\u00fcchern&#8220; haben.<\/p>\n\n\n\n<p>Trotzdem k\u00f6nnen wir die H\u00e4nde nicht in den Scho\u00df legen, weil mit Eurer Hilfe unmittelbar in den Wochen und Tagen davor noch viele Fein, &#8211; Einzel, &#8211; und Besonderheiten zu bew\u00e4ltigen sind. Und nat\u00fcrlich zu den einzelnen H\u00f6hepunkten selbst. Das Festkomitee wird Euch entsprechend Eurer im Fragebogen gemachten T\u00e4tigkeitsangebote noch ansprechen, soweit noch nicht geschehen.<\/p>\n\n\n\n<p>Die Mitglieder des Festkomitees sind:<\/p>\n\n\n\n<p>Stephani: Gestaltung und Programm des Geburtstagsfestes am Sonnabend, 20.09.03 (+ viele Helfer)<\/p>\n\n\n\n<p>Elke: Tanzwerkstatt, Buchlesung, Finanzierung<\/p>\n\n\n\n<p>Gusta: Filmveranstaltung, Ehemalige Regenbogler<\/p>\n\n\n\n<p>J\u00fcrgen: Einladungen, Medien, PR, Politiker-Talk (+ Peter und Angela)<\/p>\n\n\n\n<p>Neben \u00fcber 200 verschickten Einladungen, Telefonaten, Absprachen, trifft sich das Festkomitee so alle 2 Wochen zu regelm\u00e4\u00dfigen Besprechungen, wo jeder Bereich vom Stand der Dinge berichtet.<\/p>\n\n\n\n<p>N\u00e4chster Termin: Donnerstag, 17.07.03, 7.30 Uhr, Regenbogenschule.<\/p>\n\n\n\n<p>Dann geht es um den \u00f6ffentlichen Abend, die noch offene Buchlesung, Plakate, Verlagssonderseite, Geld, Auftritte, Spiele, T\u00e4nze, Musik, Ausgestaltung, G\u00e4stebetreuung&#8230; <\/p>\n\n\n\n<p>Einen sch\u00f6nen Sommer w\u00fcnscht J\u00fcrgen.<\/p>\n","protected":false},"excerpt":{"rendered":"<p>R\u00fcckblick ins Jahr 2003: Eine Zwischenbilanz des Festkomitees Nach unserem gro\u00dfen, gemeinsamen \u201eFestvorbereitungsworkshop&#8220; im Fr\u00fchjahr hat sich ganz viel getan und eigentlich k\u00f6nnte unser Geburtstagsfest schon beinahe morgen sein, weil wir ganz, ganz flei\u00dfig waren und schon fast alles \u201ein trockenen T\u00fcchern&#8220; haben. Trotzdem k\u00f6nnen wir die H\u00e4nde nicht in den Scho\u00df legen, weil mit [&hellip;]<\/p>\n","protected":false},"author":9,"featured_media":0,"comment_status":"open","ping_status":"closed","sticky":false,"template":"","format":"standard","meta":{"footnotes":""},"categories":[29,38],"tags":[],"class_list":["post-3178","post","type-post","status-publish","format-standard","hentry","category-geschichte","category-verein"],"_links":{"self":[{"href":"https:\/\/www.freie-schule-regenbogen.de\/wordpress\/wp-json\/wp\/v2\/posts\/3178","targetHints":{"allow":["GET"]}}],"collection":[{"href":"https:\/\/www.freie-schule-regenbogen.de\/wordpress\/wp-json\/wp\/v2\/posts"}],"about":[{"href":"https:\/\/www.freie-schule-regenbogen.de\/wordpress\/wp-json\/wp\/v2\/types\/post"}],"author":[{"embeddable":true,"href":"https:\/\/www.freie-schule-regenbogen.de\/wordpress\/wp-json\/wp\/v2\/users\/9"}],"replies":[{"embeddable":true,"href":"https:\/\/www.freie-schule-regenbogen.de\/wordpress\/wp-json\/wp\/v2\/comments?post=3178"}],"version-history":[{"count":3,"href":"https:\/\/www.freie-schule-regenbogen.de\/wordpress\/wp-json\/wp\/v2\/posts\/3178\/revisions"}],"predecessor-version":[{"id":3183,"href":"https:\/\/www.freie-schule-regenbogen.de\/wordpress\/wp-json\/wp\/v2\/posts\/3178\/revisions\/3183"}],"wp:attachment":[{"href":"https:\/\/www.freie-schule-regenbogen.de\/wordpress\/wp-json\/wp\/v2\/media?parent=3178"}],"wp:term":[{"taxonomy":"category","embeddable":true,"href":"https:\/\/www.freie-schule-regenbogen.de\/wordpress\/wp-json\/wp\/v2\/categories?post=3178"},{"taxonomy":"post_tag","embeddable":true,"href":"https:\/\/www.freie-schule-regenbogen.de\/wordpress\/wp-json\/wp\/v2\/tags?post=3178"}],"curies":[{"name":"wp","href":"https:\/\/api.w.org\/{rel}","templated":true}]}}