{"id":3233,"date":"2023-01-31T19:25:03","date_gmt":"2023-01-31T18:25:03","guid":{"rendered":"https:\/\/www.freie-schule-regenbogen.de\/wordpress\/?p=3233"},"modified":"2023-01-31T19:25:03","modified_gmt":"2023-01-31T18:25:03","slug":"als-es-anno-1997-noch-keine-zwerge-gab","status":"publish","type":"post","link":"https:\/\/www.freie-schule-regenbogen.de\/wordpress\/als-es-anno-1997-noch-keine-zwerge-gab\/","title":{"rendered":"<strong>Als es anno 1997 noch keine Zwerge gab<\/strong>"},"content":{"rendered":"\n<p>von Gusta<\/p>\n\n\n\n<p>Noch keine 20 Kinder bev\u00f6lkerten 1997 den Regenbogen. Da wir uns als Lebensschule gegr\u00fcndet hatten, lebten und lernten alle Kinder, ohne in feste Gruppen unterteilt zu sein. Wir a\u00dfen gemeinsam, wuselten gemeinsam und in der Kinderversammlung sa\u00dfen alle.<\/p>\n\n\n\n<p>In der Tungerstra\u00dfe gab es jedoch u.a. Einen Raum f\u00fcr die ,,Kleinen&#8220; und ab und zu erschall auch ein Ruf an die ,,Kleinen&#8220;.<\/p>\n\n\n\n<p>Das st\u00f6rte Severin und gemeinsam suchten wir etwas Ad\u00e4quates. Marie schlug vor, dass sie fortan Zwerge sein wollten.<\/p>\n\n\n\n<p>Als wir in die Vollbrachtstr\u00dfe umzogen, brachte Stephani gro\u00dfe Holzplatten mit, die Zwergenm\u00fctzen verbl\u00fcffend \u00e4hnlich sahen.<\/p>\n\n\n\n<p>Die ,,Zwerge&#8220; bemalten diese und sie schm\u00fccken noch heute den unteren Flur.<\/p>\n\n\n\n<figure class=\"wp-block-image size-full\"><img fetchpriority=\"high\" decoding=\"async\" width=\"240\" height=\"320\" src=\"https:\/\/www.freie-schule-regenbogen.de\/wordpress\/wp-content\/uploads\/2023\/01\/691F2EEE-54C5-4C5B-9AB6-03108E139FAF.jpeg\" alt=\"\" class=\"wp-image-3235\" srcset=\"https:\/\/www.freie-schule-regenbogen.de\/wordpress\/wp-content\/uploads\/2023\/01\/691F2EEE-54C5-4C5B-9AB6-03108E139FAF.jpeg 240w, https:\/\/www.freie-schule-regenbogen.de\/wordpress\/wp-content\/uploads\/2023\/01\/691F2EEE-54C5-4C5B-9AB6-03108E139FAF-225x300.jpeg 225w\" sizes=\"(max-width: 240px) 100vw, 240px\" \/><\/figure>\n\n\n\n<figure class=\"wp-block-image size-full\"><img decoding=\"async\" width=\"240\" height=\"320\" src=\"https:\/\/www.freie-schule-regenbogen.de\/wordpress\/wp-content\/uploads\/2023\/01\/C1D4F909-3C35-41EA-9F0C-94EE3971586E.jpeg\" alt=\"\" class=\"wp-image-3236\" srcset=\"https:\/\/www.freie-schule-regenbogen.de\/wordpress\/wp-content\/uploads\/2023\/01\/C1D4F909-3C35-41EA-9F0C-94EE3971586E.jpeg 240w, https:\/\/www.freie-schule-regenbogen.de\/wordpress\/wp-content\/uploads\/2023\/01\/C1D4F909-3C35-41EA-9F0C-94EE3971586E-225x300.jpeg 225w\" sizes=\"(max-width: 240px) 100vw, 240px\" \/><\/figure>\n\n\n\n<p><\/p>\n\n\n\n<p><\/p>\n","protected":false},"excerpt":{"rendered":"<p>von Gusta Noch keine 20 Kinder bev\u00f6lkerten 1997 den Regenbogen. Da wir uns als Lebensschule gegr\u00fcndet hatten, lebten und lernten alle Kinder, ohne in feste Gruppen unterteilt zu sein. Wir a\u00dfen gemeinsam, wuselten gemeinsam und in der Kinderversammlung sa\u00dfen alle. In der Tungerstra\u00dfe gab es jedoch u.a. Einen Raum f\u00fcr die ,,Kleinen&#8220; und ab und [&hellip;]<\/p>\n","protected":false},"author":9,"featured_media":0,"comment_status":"open","ping_status":"closed","sticky":false,"template":"","format":"standard","meta":{"footnotes":""},"categories":[29,20],"tags":[],"class_list":["post-3233","post","type-post","status-publish","format-standard","hentry","category-geschichte","category-zwerge"],"_links":{"self":[{"href":"https:\/\/www.freie-schule-regenbogen.de\/wordpress\/wp-json\/wp\/v2\/posts\/3233","targetHints":{"allow":["GET"]}}],"collection":[{"href":"https:\/\/www.freie-schule-regenbogen.de\/wordpress\/wp-json\/wp\/v2\/posts"}],"about":[{"href":"https:\/\/www.freie-schule-regenbogen.de\/wordpress\/wp-json\/wp\/v2\/types\/post"}],"author":[{"embeddable":true,"href":"https:\/\/www.freie-schule-regenbogen.de\/wordpress\/wp-json\/wp\/v2\/users\/9"}],"replies":[{"embeddable":true,"href":"https:\/\/www.freie-schule-regenbogen.de\/wordpress\/wp-json\/wp\/v2\/comments?post=3233"}],"version-history":[{"count":2,"href":"https:\/\/www.freie-schule-regenbogen.de\/wordpress\/wp-json\/wp\/v2\/posts\/3233\/revisions"}],"predecessor-version":[{"id":3237,"href":"https:\/\/www.freie-schule-regenbogen.de\/wordpress\/wp-json\/wp\/v2\/posts\/3233\/revisions\/3237"}],"wp:attachment":[{"href":"https:\/\/www.freie-schule-regenbogen.de\/wordpress\/wp-json\/wp\/v2\/media?parent=3233"}],"wp:term":[{"taxonomy":"category","embeddable":true,"href":"https:\/\/www.freie-schule-regenbogen.de\/wordpress\/wp-json\/wp\/v2\/categories?post=3233"},{"taxonomy":"post_tag","embeddable":true,"href":"https:\/\/www.freie-schule-regenbogen.de\/wordpress\/wp-json\/wp\/v2\/tags?post=3233"}],"curies":[{"name":"wp","href":"https:\/\/api.w.org\/{rel}","templated":true}]}}