{"id":3263,"date":"2023-03-13T13:51:08","date_gmt":"2023-03-13T12:51:08","guid":{"rendered":"https:\/\/www.freie-schule-regenbogen.de\/wordpress\/?p=3263"},"modified":"2023-03-13T13:51:08","modified_gmt":"2023-03-13T12:51:08","slug":"bfas-erzaehlmal","status":"publish","type":"post","link":"https:\/\/www.freie-schule-regenbogen.de\/wordpress\/bfas-erzaehlmal\/","title":{"rendered":"BFAS #erz\u00e4hlMal !"},"content":{"rendered":"\n<p>Wir laden herzlich ein zum <strong>#Erz\u00e4hlMal! <\/strong>2023, dem BFAS (Bundesverband der Freien Alternativschulen e.V.) Online-Plausch f\u00fcr Menschen (Mitarbeitende, Sch\u00fcler:innen, Eltern) von BFAS Mitgliedsschulen und &#8211; initiativen.<\/p>\n\n\n\n<p>Das n\u00e4chste #Erz\u00e4hlMal! hat das Thema <strong>Adultismus <\/strong>am Donnerstag <strong>23. M\u00e4rz 2023 von 18 &#8211; 20 Uhr<br><\/strong>Gastgeberin: Lidia Lupo (Freie Schule Christophine Marbach)<\/p>\n\n\n\n<p>Adultismus benennt das ungleiche Machtverh\u00e4ltnis zwischen \u201eErwachsenen\u201c und \u201eKindern\u201c, das uns auf institutioneller, struktureller und individueller Ebene begegnet. In der Weiterbildung &#8222;Adultismuskritik als p\u00e4dagogische Handlungskompetenz &#8211; Weil ich es kann!&#8220; vom B\u00fcro f\u00fcr Diskriminierungskritische Arbeit Stuttgart konnte ich Wissen und neue Erfahrungen sammeln und Handlungsm\u00f6glichkeiten f\u00fcr einen m\u00f6glichst gleichw\u00fcrdigen Umgang mit jungen Menschen sammeln, die ich gerne mit allen Interessierten teilen m\u00f6chte. Ich freue mich auch schon auf den gemeinsamen Austausch.<\/p>\n\n\n\n<p><strong>Anmeldung<\/strong>: siehe RB Zeitung<\/p>\n\n\n\n<p>Die n\u00e4chsten #Erz\u00e4hlMal!-Termine sind: <\/p>\n\n\n\n<p>\u2022 Donnerstag, 27.4. schauen wir auf Schutzkonzepte an Freien Alternativschulen mit Meta Sell (Netzwerkschule Berlin) und Jens Cecncarka-Lisec (Freie Alternativschule Dresden)<\/p>\n\n\n\n<p>\u2022 Weitere Themen folgen und wir freuen uns sehr auf Ideen von Euch.<\/p>\n","protected":false},"excerpt":{"rendered":"<p>Wir laden herzlich ein zum #Erz\u00e4hlMal! 2023, dem BFAS (Bundesverband der Freien Alternativschulen e.V.) Online-Plausch f\u00fcr Menschen (Mitarbeitende, Sch\u00fcler:innen, Eltern) von BFAS Mitgliedsschulen und &#8211; initiativen. Das n\u00e4chste #Erz\u00e4hlMal! hat das Thema Adultismus am Donnerstag 23. M\u00e4rz 2023 von 18 &#8211; 20 UhrGastgeberin: Lidia Lupo (Freie Schule Christophine Marbach) Adultismus benennt das ungleiche Machtverh\u00e4ltnis zwischen [&hellip;]<\/p>\n","protected":false},"author":9,"featured_media":0,"comment_status":"open","ping_status":"closed","sticky":false,"template":"","format":"standard","meta":{"footnotes":""},"categories":[43,9],"tags":[],"class_list":["post-3263","post","type-post","status-publish","format-standard","hentry","category-paedagogik","category-termine-feste"],"_links":{"self":[{"href":"https:\/\/www.freie-schule-regenbogen.de\/wordpress\/wp-json\/wp\/v2\/posts\/3263","targetHints":{"allow":["GET"]}}],"collection":[{"href":"https:\/\/www.freie-schule-regenbogen.de\/wordpress\/wp-json\/wp\/v2\/posts"}],"about":[{"href":"https:\/\/www.freie-schule-regenbogen.de\/wordpress\/wp-json\/wp\/v2\/types\/post"}],"author":[{"embeddable":true,"href":"https:\/\/www.freie-schule-regenbogen.de\/wordpress\/wp-json\/wp\/v2\/users\/9"}],"replies":[{"embeddable":true,"href":"https:\/\/www.freie-schule-regenbogen.de\/wordpress\/wp-json\/wp\/v2\/comments?post=3263"}],"version-history":[{"count":1,"href":"https:\/\/www.freie-schule-regenbogen.de\/wordpress\/wp-json\/wp\/v2\/posts\/3263\/revisions"}],"predecessor-version":[{"id":3264,"href":"https:\/\/www.freie-schule-regenbogen.de\/wordpress\/wp-json\/wp\/v2\/posts\/3263\/revisions\/3264"}],"wp:attachment":[{"href":"https:\/\/www.freie-schule-regenbogen.de\/wordpress\/wp-json\/wp\/v2\/media?parent=3263"}],"wp:term":[{"taxonomy":"category","embeddable":true,"href":"https:\/\/www.freie-schule-regenbogen.de\/wordpress\/wp-json\/wp\/v2\/categories?post=3263"},{"taxonomy":"post_tag","embeddable":true,"href":"https:\/\/www.freie-schule-regenbogen.de\/wordpress\/wp-json\/wp\/v2\/tags?post=3263"}],"curies":[{"name":"wp","href":"https:\/\/api.w.org\/{rel}","templated":true}]}}