{"id":3280,"date":"2023-05-10T17:22:49","date_gmt":"2023-05-10T16:22:49","guid":{"rendered":"https:\/\/www.freie-schule-regenbogen.de\/wordpress\/?p=3280"},"modified":"2023-05-10T17:22:51","modified_gmt":"2023-05-10T16:22:51","slug":"morgen-im-radio-zu-hoeren","status":"publish","type":"post","link":"https:\/\/www.freie-schule-regenbogen.de\/wordpress\/morgen-im-radio-zu-hoeren\/","title":{"rendered":"Morgen im Radio zu h\u00f6ren"},"content":{"rendered":"\n<p>Es sind gerade 10 Kinder der Grundschule im Rahmen einer Projektwoche bei Radio Frei.<br><br>Die Kids werden\u00a0morgen fr\u00fch um 9:00 Uhr Teil einer Livesendung sein und ich denke, sie w\u00fcrden sich freuen, wenn so viele wie m\u00f6glich einschalten k\u00f6nnten, um ihren Beitrag zu h\u00f6ren.<br><br>Radio Frei empfangt ihr \u00fcber die Frequenz 96.2 oder ihr k\u00f6nnt es auch im Internet (https:\/\/radio-frei.de\/index.php?iid=1&amp;ksubmit_show=sendung&amp;kunixtime=1683784800) h\u00f6ren.<br><br>Wer es nicht\u00a0um 9:00 Uhr\u00a0schafft, kann sich gerne die Wiederholung\u00a0um 18:00 Uhr oder sich den Beitrag im Internet anh\u00f6ren.<br><br>Im Rahmen der Projektwoche wird auch noch eine ganze Sendung entstehen, wo das Datum der Ausstrahlung noch nicht fest steht. Sobald ich da ein Termin wei\u00df, gebe ich euch Bescheid.<\/p>\n","protected":false},"excerpt":{"rendered":"<p>Es sind gerade 10 Kinder der Grundschule im Rahmen einer Projektwoche bei Radio Frei. Die Kids werden\u00a0morgen fr\u00fch um 9:00 Uhr Teil einer Livesendung sein und ich denke, sie w\u00fcrden sich freuen, wenn so viele wie m\u00f6glich einschalten k\u00f6nnten, um ihren Beitrag zu h\u00f6ren. Radio Frei empfangt ihr \u00fcber die Frequenz 96.2 oder ihr k\u00f6nnt [&hellip;]<\/p>\n","protected":false},"author":9,"featured_media":0,"comment_status":"open","ping_status":"closed","sticky":false,"template":"","format":"standard","meta":{"footnotes":""},"categories":[22],"tags":[],"class_list":["post-3280","post","type-post","status-publish","format-standard","hentry","category-grundschule"],"_links":{"self":[{"href":"https:\/\/www.freie-schule-regenbogen.de\/wordpress\/wp-json\/wp\/v2\/posts\/3280","targetHints":{"allow":["GET"]}}],"collection":[{"href":"https:\/\/www.freie-schule-regenbogen.de\/wordpress\/wp-json\/wp\/v2\/posts"}],"about":[{"href":"https:\/\/www.freie-schule-regenbogen.de\/wordpress\/wp-json\/wp\/v2\/types\/post"}],"author":[{"embeddable":true,"href":"https:\/\/www.freie-schule-regenbogen.de\/wordpress\/wp-json\/wp\/v2\/users\/9"}],"replies":[{"embeddable":true,"href":"https:\/\/www.freie-schule-regenbogen.de\/wordpress\/wp-json\/wp\/v2\/comments?post=3280"}],"version-history":[{"count":1,"href":"https:\/\/www.freie-schule-regenbogen.de\/wordpress\/wp-json\/wp\/v2\/posts\/3280\/revisions"}],"predecessor-version":[{"id":3281,"href":"https:\/\/www.freie-schule-regenbogen.de\/wordpress\/wp-json\/wp\/v2\/posts\/3280\/revisions\/3281"}],"wp:attachment":[{"href":"https:\/\/www.freie-schule-regenbogen.de\/wordpress\/wp-json\/wp\/v2\/media?parent=3280"}],"wp:term":[{"taxonomy":"category","embeddable":true,"href":"https:\/\/www.freie-schule-regenbogen.de\/wordpress\/wp-json\/wp\/v2\/categories?post=3280"},{"taxonomy":"post_tag","embeddable":true,"href":"https:\/\/www.freie-schule-regenbogen.de\/wordpress\/wp-json\/wp\/v2\/tags?post=3280"}],"curies":[{"name":"wp","href":"https:\/\/api.w.org\/{rel}","templated":true}]}}