{"id":3283,"date":"2023-05-17T11:37:50","date_gmt":"2023-05-17T10:37:50","guid":{"rendered":"https:\/\/www.freie-schule-regenbogen.de\/wordpress\/?p=3283"},"modified":"2023-05-17T11:37:51","modified_gmt":"2023-05-17T10:37:51","slug":"mittwochscafe-in-neu-gestaltetem-aufenthaltsraum","status":"publish","type":"post","link":"https:\/\/www.freie-schule-regenbogen.de\/wordpress\/mittwochscafe-in-neu-gestaltetem-aufenthaltsraum\/","title":{"rendered":"Mittwochscaf\u00e9 in neu gestaltetem Aufenthaltsraum"},"content":{"rendered":"\n<blockquote class=\"wp-block-quote is-layout-flow wp-block-quote-is-layout-flow\">\n<p>Ihr lieben Regenbogenmenschen,<br><br>diesen Mittwoch\u00a0ist es wieder soweit und in der Salinenstra\u00dfe laden wir zum Mittwochscaf\u00e9 ein. Diesmal\u00a0von 15 bis 17 Uhr.<br>Es liegt kein konkretes Thema an.<br>Einfach Zeit um sich miteinander zu treffen bei einer Tasse Tee oder einem Pott Kaffee. Bei gutem Wetter drau\u00dfen auf Hof und Wiese.<br><br>Euer Caf\u00e9 Team aus der Salinenstra\u00dfe<\/p>\n<\/blockquote>\n\n\n\n<p>Das Caf\u00e9 findet im Anschluss an die Pr\u00e4sentation des Schulprojektes Herausforderung statt. Ab 14:00 Uhr stellen die Jugendlichen ihr Abenteuer vor. <\/p>\n\n\n\n<p>Au\u00dferdem ist es eine sch\u00f6ne Gelegenheit den neu gestalteten Aufenthaltsraum zu sehen. <\/p>\n\n\n\n<p>Der p\u00e4dagogische Elternabend der Zwerge entf\u00e4llt diesen Monat, weshalb ich euch zum Caf\u00e9 in der Sek einladen m\u00f6chte. <\/p>\n\n\n\n<figure class=\"wp-block-gallery has-nested-images columns-default is-cropped wp-block-gallery-1 is-layout-flex wp-block-gallery-is-layout-flex\">\n<figure class=\"wp-block-image size-large\"><img fetchpriority=\"high\" decoding=\"async\" width=\"768\" height=\"1024\" data-id=\"3287\" src=\"https:\/\/www.freie-schule-regenbogen.de\/wordpress\/wp-content\/uploads\/2023\/05\/FCC59478-1ABE-47D6-BE30-30E39EB06A21-768x1024.jpeg\" alt=\"\" class=\"wp-image-3287\" srcset=\"https:\/\/www.freie-schule-regenbogen.de\/wordpress\/wp-content\/uploads\/2023\/05\/FCC59478-1ABE-47D6-BE30-30E39EB06A21-768x1023.jpeg 768w, https:\/\/www.freie-schule-regenbogen.de\/wordpress\/wp-content\/uploads\/2023\/05\/FCC59478-1ABE-47D6-BE30-30E39EB06A21-225x300.jpeg 225w, https:\/\/www.freie-schule-regenbogen.de\/wordpress\/wp-content\/uploads\/2023\/05\/FCC59478-1ABE-47D6-BE30-30E39EB06A21-1153x1536.jpeg 1153w, https:\/\/www.freie-schule-regenbogen.de\/wordpress\/wp-content\/uploads\/2023\/05\/FCC59478-1ABE-47D6-BE30-30E39EB06A21.jpeg 1200w\" sizes=\"(max-width: 768px) 100vw, 768px\" \/><\/figure>\n\n\n\n<figure class=\"wp-block-image size-large\"><img decoding=\"async\" width=\"1024\" height=\"768\" data-id=\"3285\" src=\"https:\/\/www.freie-schule-regenbogen.de\/wordpress\/wp-content\/uploads\/2023\/05\/9ACF2942-4B9E-4D0D-9B3E-FD8654540C3B-1024x768.jpeg\" alt=\"\" class=\"wp-image-3285\" srcset=\"https:\/\/www.freie-schule-regenbogen.de\/wordpress\/wp-content\/uploads\/2023\/05\/9ACF2942-4B9E-4D0D-9B3E-FD8654540C3B-1024x768.jpeg 1024w, https:\/\/www.freie-schule-regenbogen.de\/wordpress\/wp-content\/uploads\/2023\/05\/9ACF2942-4B9E-4D0D-9B3E-FD8654540C3B-300x225.jpeg 300w, https:\/\/www.freie-schule-regenbogen.de\/wordpress\/wp-content\/uploads\/2023\/05\/9ACF2942-4B9E-4D0D-9B3E-FD8654540C3B-768x576.jpeg 768w, https:\/\/www.freie-schule-regenbogen.de\/wordpress\/wp-content\/uploads\/2023\/05\/9ACF2942-4B9E-4D0D-9B3E-FD8654540C3B-1536x1152.jpeg 1536w, https:\/\/www.freie-schule-regenbogen.de\/wordpress\/wp-content\/uploads\/2023\/05\/9ACF2942-4B9E-4D0D-9B3E-FD8654540C3B.jpeg 1600w\" sizes=\"(max-width: 1024px) 100vw, 1024px\" \/><\/figure>\n\n\n\n<figure class=\"wp-block-image size-large\"><img decoding=\"async\" width=\"1024\" height=\"768\" data-id=\"3286\" src=\"https:\/\/www.freie-schule-regenbogen.de\/wordpress\/wp-content\/uploads\/2023\/05\/37554C6C-DA0D-4BDB-9D6C-F73A7E410AB9-1024x768.jpeg\" alt=\"\" class=\"wp-image-3286\" srcset=\"https:\/\/www.freie-schule-regenbogen.de\/wordpress\/wp-content\/uploads\/2023\/05\/37554C6C-DA0D-4BDB-9D6C-F73A7E410AB9-1024x768.jpeg 1024w, https:\/\/www.freie-schule-regenbogen.de\/wordpress\/wp-content\/uploads\/2023\/05\/37554C6C-DA0D-4BDB-9D6C-F73A7E410AB9-300x225.jpeg 300w, https:\/\/www.freie-schule-regenbogen.de\/wordpress\/wp-content\/uploads\/2023\/05\/37554C6C-DA0D-4BDB-9D6C-F73A7E410AB9-768x576.jpeg 768w, https:\/\/www.freie-schule-regenbogen.de\/wordpress\/wp-content\/uploads\/2023\/05\/37554C6C-DA0D-4BDB-9D6C-F73A7E410AB9-1536x1153.jpeg 1536w, https:\/\/www.freie-schule-regenbogen.de\/wordpress\/wp-content\/uploads\/2023\/05\/37554C6C-DA0D-4BDB-9D6C-F73A7E410AB9.jpeg 1599w\" sizes=\"(max-width: 1024px) 100vw, 1024px\" \/><\/figure>\n\n\n\n<figure class=\"wp-block-image size-large\"><img loading=\"lazy\" decoding=\"async\" width=\"1024\" height=\"768\" data-id=\"3284\" src=\"https:\/\/www.freie-schule-regenbogen.de\/wordpress\/wp-content\/uploads\/2023\/05\/B3851106-5515-42A9-93E0-46471FC013F0-1024x768.jpeg\" alt=\"\" class=\"wp-image-3284\" srcset=\"https:\/\/www.freie-schule-regenbogen.de\/wordpress\/wp-content\/uploads\/2023\/05\/B3851106-5515-42A9-93E0-46471FC013F0-1024x768.jpeg 1024w, https:\/\/www.freie-schule-regenbogen.de\/wordpress\/wp-content\/uploads\/2023\/05\/B3851106-5515-42A9-93E0-46471FC013F0-300x225.jpeg 300w, https:\/\/www.freie-schule-regenbogen.de\/wordpress\/wp-content\/uploads\/2023\/05\/B3851106-5515-42A9-93E0-46471FC013F0-768x576.jpeg 768w, https:\/\/www.freie-schule-regenbogen.de\/wordpress\/wp-content\/uploads\/2023\/05\/B3851106-5515-42A9-93E0-46471FC013F0-1536x1153.jpeg 1536w, https:\/\/www.freie-schule-regenbogen.de\/wordpress\/wp-content\/uploads\/2023\/05\/B3851106-5515-42A9-93E0-46471FC013F0.jpeg 1599w\" sizes=\"(max-width: 1024px) 100vw, 1024px\" \/><\/figure>\n<\/figure>\n","protected":false},"excerpt":{"rendered":"<p>Ihr lieben Regenbogenmenschen, diesen Mittwoch\u00a0ist es wieder soweit und in der Salinenstra\u00dfe laden wir zum Mittwochscaf\u00e9 ein. Diesmal\u00a0von 15 bis 17 Uhr.Es liegt kein konkretes Thema an.Einfach Zeit um sich miteinander zu treffen bei einer Tasse Tee oder einem Pott Kaffee. Bei gutem Wetter drau\u00dfen auf Hof und Wiese. Euer Caf\u00e9 Team aus der Salinenstra\u00dfe [&hellip;]<\/p>\n","protected":false},"author":9,"featured_media":0,"comment_status":"open","ping_status":"closed","sticky":false,"template":"","format":"standard","meta":{"footnotes":""},"categories":[8,31,23,9,38,20],"tags":[],"class_list":["post-3283","post","type-post","status-publish","format-standard","hentry","category-allgemein","category-elternarbeit-und-vereinsarbeit","category-sek1","category-termine-feste","category-verein","category-zwerge"],"_links":{"self":[{"href":"https:\/\/www.freie-schule-regenbogen.de\/wordpress\/wp-json\/wp\/v2\/posts\/3283","targetHints":{"allow":["GET"]}}],"collection":[{"href":"https:\/\/www.freie-schule-regenbogen.de\/wordpress\/wp-json\/wp\/v2\/posts"}],"about":[{"href":"https:\/\/www.freie-schule-regenbogen.de\/wordpress\/wp-json\/wp\/v2\/types\/post"}],"author":[{"embeddable":true,"href":"https:\/\/www.freie-schule-regenbogen.de\/wordpress\/wp-json\/wp\/v2\/users\/9"}],"replies":[{"embeddable":true,"href":"https:\/\/www.freie-schule-regenbogen.de\/wordpress\/wp-json\/wp\/v2\/comments?post=3283"}],"version-history":[{"count":1,"href":"https:\/\/www.freie-schule-regenbogen.de\/wordpress\/wp-json\/wp\/v2\/posts\/3283\/revisions"}],"predecessor-version":[{"id":3288,"href":"https:\/\/www.freie-schule-regenbogen.de\/wordpress\/wp-json\/wp\/v2\/posts\/3283\/revisions\/3288"}],"wp:attachment":[{"href":"https:\/\/www.freie-schule-regenbogen.de\/wordpress\/wp-json\/wp\/v2\/media?parent=3283"}],"wp:term":[{"taxonomy":"category","embeddable":true,"href":"https:\/\/www.freie-schule-regenbogen.de\/wordpress\/wp-json\/wp\/v2\/categories?post=3283"},{"taxonomy":"post_tag","embeddable":true,"href":"https:\/\/www.freie-schule-regenbogen.de\/wordpress\/wp-json\/wp\/v2\/tags?post=3283"}],"curies":[{"name":"wp","href":"https:\/\/api.w.org\/{rel}","templated":true}]}}