{"id":3326,"date":"2023-06-24T06:55:34","date_gmt":"2023-06-24T05:55:34","guid":{"rendered":"https:\/\/www.freie-schule-regenbogen.de\/wordpress\/?p=3326"},"modified":"2024-11-14T11:19:16","modified_gmt":"2024-11-14T10:19:16","slug":"mit-der-9-klasse-in-die-wg","status":"publish","type":"post","link":"https:\/\/www.freie-schule-regenbogen.de\/wordpress\/mit-der-9-klasse-in-die-wg\/","title":{"rendered":"Mit der 9. Klasse in die WG"},"content":{"rendered":"\n<p>An der Freien Alternativschule Dresden ziehen die Neuntkl\u00e4ssler:innen zwischen Weihnachten und den Winterferien f\u00fcr sechs Wochen in eine Wohngemeinschaft. Die Jugendlichen testen, wie es sich ohne Eltern lebt: Morgens aufstehen und loskommen, einkaufen, putzen, W\u00e4sche waschen, mit 25 Euro pro Woche haushalten, &#8230;<\/p>\n\n\n\n<p>Das Fazit der Kinder ist gut. Manche wollen sp\u00e4ter auf jeden Fall in eine WG ziehen, andere wissen nun, dass es nichts f\u00fcr sie ist. Ole sagt &#8222;Ich bin auch sozialer geworden.&#8220; <a href=\"https:\/\/www.fas-dresden.de\/fileadmin\/wiki-media\/schulzeitung\/fas_zeitung_29_schulewoanders_web.pdf\">Seite 29<\/a>.  Die erwachsenen Wegbegleiter stellen jedes Jahr einen gro\u00dfen Entwicklungssprung bei den Jugendlichen fest. <\/p>\n\n\n\n<p>Das Leben auf engstem Raum h\u00e4lt so einige soziale Herausforderungen bereit. Wer es gewohnt war sein eigenes Zimmer zu haben, musste sich umstellen, denn es waren immer viele Leute um einen. Auch mussten alle m\u00f6glichst gleichzeitig zu Bett gehen, da sonst die Schlafenden wieder geweckt worden w\u00e4ren. <\/p>\n\n\n\n<p>Was f\u00fcr ein au\u00dfergew\u00f6hnliches und was f\u00fcr ein tolles Schulprojekt! Nach dem Lesen des <a href=\"https:\/\/www.fas-dresden.de\/fileadmin\/wiki-media\/schulzeitung\/fas_zeitung_29_schulewoanders_web.pdf\">Berichtes<\/a> (Seite 28) blieben bei mir zwei Fragen offen: wie werden die Lebenskosten und die Wohnungen finanziert? Wo gibt es geeignete Wohnungen?<\/p>\n\n\n\n<p><\/p>\n\n\n\n<p>Weitere Ausgaben der j\u00e4hrlichen Schulzeitungen gibt es auf der <a href=\"https:\/\/www.fas-dresden.de\/schulalltag\/schulzeitung\">Website der FAS Dresden<\/a>. <\/p>\n","protected":false},"excerpt":{"rendered":"<p>An der Freien Alternativschule Dresden ziehen die Neuntkl\u00e4ssler:innen zwischen Weihnachten und den Winterferien f\u00fcr sechs Wochen in eine Wohngemeinschaft. Die Jugendlichen testen, wie es sich ohne Eltern lebt: Morgens aufstehen und loskommen, einkaufen, putzen, W\u00e4sche waschen, mit 25 Euro pro Woche haushalten, &#8230; Das Fazit der Kinder ist gut. Manche wollen sp\u00e4ter auf jeden Fall [&hellip;]<\/p>\n","protected":false},"author":9,"featured_media":0,"comment_status":"closed","ping_status":"closed","sticky":false,"template":"","format":"standard","meta":{"footnotes":""},"categories":[44,43],"tags":[],"class_list":["post-3326","post","type-post","status-publish","format-standard","hentry","category-bibliothek","category-paedagogik"],"_links":{"self":[{"href":"https:\/\/www.freie-schule-regenbogen.de\/wordpress\/wp-json\/wp\/v2\/posts\/3326","targetHints":{"allow":["GET"]}}],"collection":[{"href":"https:\/\/www.freie-schule-regenbogen.de\/wordpress\/wp-json\/wp\/v2\/posts"}],"about":[{"href":"https:\/\/www.freie-schule-regenbogen.de\/wordpress\/wp-json\/wp\/v2\/types\/post"}],"author":[{"embeddable":true,"href":"https:\/\/www.freie-schule-regenbogen.de\/wordpress\/wp-json\/wp\/v2\/users\/9"}],"replies":[{"embeddable":true,"href":"https:\/\/www.freie-schule-regenbogen.de\/wordpress\/wp-json\/wp\/v2\/comments?post=3326"}],"version-history":[{"count":1,"href":"https:\/\/www.freie-schule-regenbogen.de\/wordpress\/wp-json\/wp\/v2\/posts\/3326\/revisions"}],"predecessor-version":[{"id":3327,"href":"https:\/\/www.freie-schule-regenbogen.de\/wordpress\/wp-json\/wp\/v2\/posts\/3326\/revisions\/3327"}],"wp:attachment":[{"href":"https:\/\/www.freie-schule-regenbogen.de\/wordpress\/wp-json\/wp\/v2\/media?parent=3326"}],"wp:term":[{"taxonomy":"category","embeddable":true,"href":"https:\/\/www.freie-schule-regenbogen.de\/wordpress\/wp-json\/wp\/v2\/categories?post=3326"},{"taxonomy":"post_tag","embeddable":true,"href":"https:\/\/www.freie-schule-regenbogen.de\/wordpress\/wp-json\/wp\/v2\/tags?post=3326"}],"curies":[{"name":"wp","href":"https:\/\/api.w.org\/{rel}","templated":true}]}}